{"id":29659,"date":"2023-09-18T12:14:30","date_gmt":"2023-09-18T10:14:30","guid":{"rendered":"https:\/\/old.simzine.news\/?p=29659"},"modified":"2023-09-19T13:02:42","modified_gmt":"2023-09-19T11:02:42","slug":"reunion-anual-de-la-nasce-la-educacion-multidisciplinar-es-la-consigna","status":"publish","type":"post","link":"https:\/\/old.simzine.news\/es\/network-es\/reunion-anual-de-la-nasce-la-educacion-multidisciplinar-es-la-consigna\/","title":{"rendered":"<strong>Reuni\u00f3n anual de la NASCE: la <em>educaci\u00f3n multidisciplinar<\/em> es la consigna<\/strong>"},"content":{"rendered":"\n<h2 class=\"wp-block-heading\"><strong>Pr\u00f3ximamente se celebrar\u00e1 la 7\u00aa Reuni\u00f3n Cient\u00edfica NASCE\/UEMS, centrada en la educaci\u00f3n multidisciplinar.<\/strong><\/h2>\n\n\n\n<div class=\"wpml-ls-statics-shortcode_actions wpml-ls wpml-ls-legacy-list-horizontal\">\n\t<ul><li class=\"wpml-ls-slot-shortcode_actions wpml-ls-item wpml-ls-item-it wpml-ls-first-item wpml-ls-item-legacy-list-horizontal\">\n\t\t\t\t<a href=\"https:\/\/old.simzine.news\/it\/\" class=\"wpml-ls-link\">\n                                                        <img decoding=\"async\"\n            class=\"wpml-ls-flag\"\n            src=\"https:\/\/old.simzine.news\/wp-content\/plugins\/sitepress-multilingual-cms\/res\/flags\/it.svg\"\n            alt=\"\"\n            width=18\n            height=12\n    \/><span class=\"wpml-ls-native\" lang=\"it\">ITA<\/span><\/a>\n\t\t\t<\/li><li class=\"wpml-ls-slot-shortcode_actions wpml-ls-item wpml-ls-item-en wpml-ls-item-legacy-list-horizontal\">\n\t\t\t\t<a href=\"https:\/\/old.simzine.news\/\" class=\"wpml-ls-link\">\n                                                        <img decoding=\"async\"\n            class=\"wpml-ls-flag\"\n            src=\"https:\/\/old.simzine.news\/wp-content\/plugins\/sitepress-multilingual-cms\/res\/flags\/en.svg\"\n            alt=\"\"\n            width=18\n            height=12\n    \/><span class=\"wpml-ls-native\" lang=\"en\">ENG<\/span><\/a>\n\t\t\t<\/li><li class=\"wpml-ls-slot-shortcode_actions wpml-ls-item wpml-ls-item-es wpml-ls-current-language wpml-ls-item-legacy-list-horizontal\">\n\t\t\t\t<a href=\"https:\/\/old.simzine.news\/es\/\" class=\"wpml-ls-link\">\n                                                        <img decoding=\"async\"\n            class=\"wpml-ls-flag\"\n            src=\"https:\/\/old.simzine.news\/wp-content\/plugins\/sitepress-multilingual-cms\/res\/flags\/es.svg\"\n            alt=\"\"\n            width=18\n            height=12\n    \/><span class=\"wpml-ls-native\">ESP<\/span><\/a>\n\t\t\t<\/li><li class=\"wpml-ls-slot-shortcode_actions wpml-ls-item wpml-ls-item-fr wpml-ls-item-legacy-list-horizontal\">\n\t\t\t\t<a href=\"https:\/\/old.simzine.news\/fr\/\" class=\"wpml-ls-link\">\n                                                        <img decoding=\"async\"\n            class=\"wpml-ls-flag\"\n            src=\"https:\/\/old.simzine.news\/wp-content\/plugins\/sitepress-multilingual-cms\/res\/flags\/fr.svg\"\n            alt=\"\"\n            width=18\n            height=12\n    \/><span class=\"wpml-ls-native\" lang=\"fr\">Fran\u00e7ais<\/span><\/a>\n\t\t\t<\/li><li class=\"wpml-ls-slot-shortcode_actions wpml-ls-item wpml-ls-item-pt-br wpml-ls-last-item wpml-ls-item-legacy-list-horizontal\">\n\t\t\t\t<a href=\"https:\/\/old.simzine.news\/pt-br\/\" class=\"wpml-ls-link\">\n                                                        <img decoding=\"async\"\n            class=\"wpml-ls-flag\"\n            src=\"https:\/\/old.simzine.news\/wp-content\/plugins\/sitepress-multilingual-cms\/res\/flags\/pt-br.svg\"\n            alt=\"\"\n            width=18\n            height=12\n    \/><span class=\"wpml-ls-native\" lang=\"pt-br\">Portugu\u00eas<\/span><\/a>\n\t\t\t<\/li><\/ul>\n<\/div>\n\n\n\n\n<p>La pr\u00f3xima conferencia cient\u00edfica internacional &#8220;7th NASCE\/UEMS Scientific Meeting &#8211; Multidisciplinary Education and Training&#8221;, est\u00e1 ya a la vuelta de la esquina. Se celebrar\u00e1 en el Hospital Virtual de Lorena, en Nancy, Francia, del <sup>10<\/sup> al <sup>13<\/sup> de octubre, y este evento anual est\u00e1 organizado por la Red de Centros <a href=\"https:\/\/nascenet.org\/\" target=\"_blank\" rel=\"noreferrer noopener\">Acreditados de Habilidades Cl\u00ednicas de Europa (NASCE).<\/a> Fundada bajo los auspicios de la Uni\u00f3n Europea de M\u00e9dicos Especialistas (UEMS) en 2015, NASCE es una organizaci\u00f3n oficial en Europa que <a href=\"https:\/\/old.simzine.news\/es\/focus-es\/la-certificacion-y-la-acreditacion-son-realmente-necesarias\/\">acredita<\/a> los Centros de Habilidades Cl\u00ednicas con el fin de mejorar los est\u00e1ndares de funcionamiento y la seguridad del paciente. El objetivo es crear un sistema de apoyo para la impartici\u00f3n de <a href=\"https:\/\/old.simzine.news\/es\/editorial-es\/un-neologismo-nella-simulazione-skilloteca\/\">formaci\u00f3n en habilidades<\/a> cl\u00ednicas de vanguardia en Europa y los pa\u00edses europeos afiliados.<\/p>\n\n\n\n<figure class=\"wp-block-image size-full\"><img loading=\"lazy\" decoding=\"async\" width=\"902\" height=\"221\" src=\"https:\/\/old.simzine.news\/wp-content\/uploads\/2023\/09\/NASCE-UEMS-Logo-1.png\" alt=\"\" class=\"wp-image-29673\" srcset=\"https:\/\/old.simzine.news\/wp-content\/uploads\/2023\/09\/NASCE-UEMS-Logo-1.png 902w, https:\/\/old.simzine.news\/wp-content\/uploads\/2023\/09\/NASCE-UEMS-Logo-1-300x74.png 300w, https:\/\/old.simzine.news\/wp-content\/uploads\/2023\/09\/NASCE-UEMS-Logo-1-768x188.png 768w\" sizes=\"(max-width: 902px) 100vw, 902px\" \/><\/figure>\n\n\n\n<p>La <sup>7\u00aa<\/sup> Reuni\u00f3n Cient\u00edfica de la NASCE abarcar\u00e1 una amplia gama de temas relacionados con la <a href=\"https:\/\/old.simzine.news\/es\/categoria\/focus-es\/sim-surgery-es\/\">simulaci\u00f3n y la cirug\u00eda<\/a>, incluidos los \u00faltimos avances en metodolog\u00edas y tecnolog\u00edas educativas. Los ponentes ofrecer\u00e1n informaci\u00f3n sobre las \u00faltimas innovaciones y resultados de la investigaci\u00f3n. Las sesiones cient\u00edficas ir\u00e1n precedidas del Curso de formaci\u00f3n de formadores, un curso de 2 d\u00edas certificado por la NASCE para educadores en simulaci\u00f3n m\u00e9dica.<\/p>\n\n\n\n<p>Adem\u00e1s del programa cient\u00edfico, la conferencia tambi\u00e9n ofrecer\u00e1 amplias oportunidades para establecer contactos, colaborar y socializar. Los participantes tendr\u00e1n la oportunidad de conectar con colegas y compa\u00f1eros de todo el mundo, crear nuevas asociaciones y compartir experiencias y perspectivas en un entorno de apoyo.<\/p>\n\n\n\n<p>Puedes encontrar los detalles de la reuni\u00f3n en el siguiente enlace: <a href=\"https:\/\/hvl.healthcare\/nasce\/\" target=\"_blank\" rel=\"noreferrer noopener\">https:\/\/hvl.healthcare\/nasce\/<\/a><\/p>\n\n\n\n<p><\/p>\n\n\n\n<figure class=\"wp-block-image aligncenter size-full is-resized\"><img loading=\"lazy\" decoding=\"async\" src=\"https:\/\/old.simzine.news\/wp-content\/uploads\/2023\/09\/NASCE-Collage-23082023-1.png\" alt=\"\" class=\"wp-image-29695\" width=\"744\" height=\"551\" srcset=\"https:\/\/old.simzine.news\/wp-content\/uploads\/2023\/09\/NASCE-Collage-23082023-1.png 992w, https:\/\/old.simzine.news\/wp-content\/uploads\/2023\/09\/NASCE-Collage-23082023-1-300x222.png 300w, https:\/\/old.simzine.news\/wp-content\/uploads\/2023\/09\/NASCE-Collage-23082023-1-768x569.png 768w\" sizes=\"(max-width: 744px) 100vw, 744px\" \/><\/figure>\n\n\n\n<p><\/p>\n\n\n\n<p><\/p>\n\n\n\n<p><strong>LEE TAMBI\u00c9N<\/strong><\/p>\n\n\n\n<div class=\"wp-block-columns is-layout-flex wp-container-core-columns-layout-1 wp-block-columns-is-layout-flex\">\n<div class=\"wp-block-column is-layout-flow wp-block-column-is-layout-flow\">\n<figure class=\"wp-block-embed is-type-wp-embed is-provider-simzine wp-block-embed-simzine\"><div class=\"wp-block-embed__wrapper\">\n<blockquote class=\"wp-embedded-content\" data-secret=\"AnDPMxkvN0\"><a href=\"https:\/\/old.simzine.news\/es\/focus-es\/realidad-virtual-vs-plantillas-de-silicona-en-la-formacion-laparoscopica\/\">Virtual reality vs silicone inserts in laparoscopic training<\/a><\/blockquote><iframe class=\"wp-embedded-content\" sandbox=\"allow-scripts\" security=\"restricted\" style=\"position: absolute; clip: rect(1px, 1px, 1px, 1px);\" title=\"\u00ab&lt;strong&gt;Virtual reality vs silicone inserts in laparoscopic training&lt;\/strong&gt;\u00bb \u2014 SIMZINE\" src=\"https:\/\/old.simzine.news\/es\/focus-es\/realidad-virtual-vs-plantillas-de-silicona-en-la-formacion-laparoscopica\/embed\/#?secret=F13QgRcD06#?secret=AnDPMxkvN0\" data-secret=\"AnDPMxkvN0\" width=\"600\" height=\"338\" frameborder=\"0\" marginwidth=\"0\" marginheight=\"0\" scrolling=\"no\"><\/iframe>\n<\/div><\/figure>\n<\/div>\n\n\n\n<div class=\"wp-block-column is-layout-flow wp-block-column-is-layout-flow\">\n<figure class=\"wp-block-embed is-type-wp-embed is-provider-simzine wp-block-embed-simzine\"><div class=\"wp-block-embed__wrapper\">\n<blockquote class=\"wp-embedded-content\" data-secret=\"q1ul3tLDe5\"><a href=\"https:\/\/old.simzine.news\/es\/focus-es\/el-viaje-de-convertirse-en-cirujano\/\">The journey of becoming a surgeon<\/a><\/blockquote><iframe class=\"wp-embedded-content\" sandbox=\"allow-scripts\" security=\"restricted\" style=\"position: absolute; clip: rect(1px, 1px, 1px, 1px);\" title=\"\u00abThe journey of becoming a surgeon\u00bb \u2014 SIMZINE\" src=\"https:\/\/old.simzine.news\/es\/focus-es\/el-viaje-de-convertirse-en-cirujano\/embed\/#?secret=lSIeS6Uz7k#?secret=q1ul3tLDe5\" data-secret=\"q1ul3tLDe5\" width=\"600\" height=\"338\" frameborder=\"0\" marginwidth=\"0\" marginheight=\"0\" scrolling=\"no\"><\/iframe>\n<\/div><\/figure>\n<\/div>\n\n\n\n<div class=\"wp-block-column is-layout-flow wp-block-column-is-layout-flow\">\n<figure class=\"wp-block-embed is-type-wp-embed is-provider-simzine wp-block-embed-simzine\"><div class=\"wp-block-embed__wrapper\">\n<blockquote class=\"wp-embedded-content\" data-secret=\"0df6UUu224\"><a href=\"https:\/\/old.simzine.news\/es\/sim-web-es\/entrevista-con-willem-van-meurs-disenador-de-simuladores-de-pacientes\/\">An interview with Willem van Meurs, patient simulators&#8217; designer<\/a><\/blockquote><iframe class=\"wp-embedded-content\" sandbox=\"allow-scripts\" security=\"restricted\" style=\"position: absolute; clip: rect(1px, 1px, 1px, 1px);\" title=\"\u00ab&lt;strong&gt;An interview with Willem van Meurs, patient simulators&#8217; designer&lt;\/strong&gt;\u00bb \u2014 SIMZINE\" src=\"https:\/\/old.simzine.news\/es\/sim-web-es\/entrevista-con-willem-van-meurs-disenador-de-simuladores-de-pacientes\/embed\/#?secret=JeFpWq6Qm3#?secret=0df6UUu224\" data-secret=\"0df6UUu224\" width=\"600\" height=\"338\" frameborder=\"0\" marginwidth=\"0\" marginheight=\"0\" scrolling=\"no\"><\/iframe>\n<\/div><\/figure>\n<\/div>\n<\/div>\n","protected":false},"excerpt":{"rendered":"<p>Pr\u00f3ximamente se celebrar\u00e1 la 7\u00aa Reuni\u00f3n Cient\u00edfica NASCE\/UEMS, centrada en la educaci\u00f3n multidisciplinar. La pr\u00f3xima conferencia cient\u00edfica internacional &#8220;7th NASCE\/UEMS Scientific Meeting &#8211; Multidisciplinary Education and Training&#8221;, est\u00e1 ya a la vuelta de la esquina. Se celebrar\u00e1 en el Hospital Virtual de Lorena, en Nancy, Francia, del 10 al 13 de octubre, y este evento [&hellip;]<\/p>\n","protected":false},"author":13,"featured_media":29692,"comment_status":"open","ping_status":"open","sticky":false,"template":"","format":"standard","meta":{"_et_pb_use_builder":"","_et_pb_old_content":"","_et_gb_content_width":"","footnotes":""},"categories":[749,248],"tags":[351],"ppma_author":[444],"acf":[],"yoast_head":"<!-- This site is optimized with the Yoast SEO plugin v21.8 - https:\/\/yoast.com\/wordpress\/plugins\/seo\/ -->\n<title>Reuni\u00f3n anual de la NASCE: la educaci\u00f3n multidisciplinar es la consigna - SIMZINE<\/title>\n<meta name=\"description\" content=\"Pr\u00f3ximamente se celebrar\u00e1 la 7\u00aa Reuni\u00f3n Cient\u00edfica NASCE\/UEMS, centrada en la educaci\u00f3n multidisciplinar.\" \/>\n<meta name=\"robots\" content=\"index, follow, max-snippet:-1, max-image-preview:large, max-video-preview:-1\" \/>\n<link rel=\"canonical\" href=\"https:\/\/old.simzine.news\/es\/network-es\/reunion-anual-de-la-nasce-la-educacion-multidisciplinar-es-la-consigna\/\" \/>\n<meta property=\"og:locale\" content=\"es_ES\" \/>\n<meta property=\"og:type\" content=\"article\" \/>\n<meta property=\"og:title\" content=\"Reuni\u00f3n anual de la NASCE: la educaci\u00f3n multidisciplinar es la consigna - SIMZINE\" \/>\n<meta property=\"og:description\" content=\"Pr\u00f3ximamente se celebrar\u00e1 la 7\u00aa Reuni\u00f3n Cient\u00edfica NASCE\/UEMS, centrada en la educaci\u00f3n multidisciplinar.\" \/>\n<meta property=\"og:url\" content=\"https:\/\/old.simzine.news\/es\/network-es\/reunion-anual-de-la-nasce-la-educacion-multidisciplinar-es-la-consigna\/\" \/>\n<meta property=\"og:site_name\" content=\"SIMZINE\" \/>\n<meta property=\"article:publisher\" content=\"https:\/\/www.facebook.com\/simzine21\" \/>\n<meta property=\"article:author\" content=\"https:\/\/www.facebook.com\/simzine21\" \/>\n<meta property=\"article:published_time\" content=\"2023-09-18T10:14:30+00:00\" \/>\n<meta property=\"article:modified_time\" content=\"2023-09-19T11:02:42+00:00\" \/>\n<meta property=\"og:image\" content=\"https:\/\/old.simzine.news\/wp-content\/uploads\/2023\/09\/Nancty-Meeting-Banner-1.png\" \/>\n\t<meta property=\"og:image:width\" content=\"330\" \/>\n\t<meta property=\"og:image:height\" content=\"240\" \/>\n\t<meta property=\"og:image:type\" content=\"image\/png\" \/>\n<meta name=\"author\" content=\"Redazione SIMZINE\" \/>\n<meta name=\"twitter:card\" content=\"summary_large_image\" \/>\n<meta name=\"twitter:creator\" content=\"@https:\/\/www.twitter.com\/simzine21\" \/>\n<meta name=\"twitter:site\" content=\"@simzine21\" \/>\n<meta name=\"twitter:label1\" content=\"Escrito por\" \/>\n\t<meta name=\"twitter:data1\" content=\"Redazione SIMZINE\" \/>\n\t<meta name=\"twitter:label2\" content=\"Tiempo de lectura\" \/>\n\t<meta name=\"twitter:data2\" content=\"2 minutos\" \/>\n<script type=\"application\/ld+json\" class=\"yoast-schema-graph\">{\"@context\":\"https:\/\/schema.org\",\"@graph\":[{\"@type\":\"WebPage\",\"@id\":\"https:\/\/old.simzine.news\/es\/network-es\/reunion-anual-de-la-nasce-la-educacion-multidisciplinar-es-la-consigna\/\",\"url\":\"https:\/\/old.simzine.news\/es\/network-es\/reunion-anual-de-la-nasce-la-educacion-multidisciplinar-es-la-consigna\/\",\"name\":\"Reuni\u00f3n anual de la NASCE: la educaci\u00f3n multidisciplinar es la consigna - SIMZINE\",\"isPartOf\":{\"@id\":\"https:\/\/old.simzine.news\/#website\"},\"datePublished\":\"2023-09-18T10:14:30+00:00\",\"dateModified\":\"2023-09-19T11:02:42+00:00\",\"author\":{\"@id\":\"https:\/\/old.simzine.news\/#\/schema\/person\/fed0fe900bd297d3e9b1d031e1e49c64\"},\"description\":\"Pr\u00f3ximamente se celebrar\u00e1 la 7\u00aa Reuni\u00f3n Cient\u00edfica NASCE\/UEMS, centrada en la educaci\u00f3n multidisciplinar.\",\"breadcrumb\":{\"@id\":\"https:\/\/old.simzine.news\/es\/network-es\/reunion-anual-de-la-nasce-la-educacion-multidisciplinar-es-la-consigna\/#breadcrumb\"},\"inLanguage\":\"es\",\"potentialAction\":[{\"@type\":\"ReadAction\",\"target\":[\"https:\/\/old.simzine.news\/es\/network-es\/reunion-anual-de-la-nasce-la-educacion-multidisciplinar-es-la-consigna\/\"]}]},{\"@type\":\"BreadcrumbList\",\"@id\":\"https:\/\/old.simzine.news\/es\/network-es\/reunion-anual-de-la-nasce-la-educacion-multidisciplinar-es-la-consigna\/#breadcrumb\",\"itemListElement\":[{\"@type\":\"ListItem\",\"position\":1,\"name\":\"Home\",\"item\":\"https:\/\/old.simzine.news\/es\/\"},{\"@type\":\"ListItem\",\"position\":2,\"name\":\"Reuni\u00f3n anual de la NASCE: la educaci\u00f3n multidisciplinar es la consigna\"}]},{\"@type\":\"WebSite\",\"@id\":\"https:\/\/old.simzine.news\/#website\",\"url\":\"https:\/\/old.simzine.news\/\",\"name\":\"SIMZINE\",\"description\":\"SIMulation magaZINE\",\"potentialAction\":[{\"@type\":\"SearchAction\",\"target\":{\"@type\":\"EntryPoint\",\"urlTemplate\":\"https:\/\/old.simzine.news\/?s={search_term_string}\"},\"query-input\":\"required name=search_term_string\"}],\"inLanguage\":\"es\"},{\"@type\":\"Person\",\"@id\":\"https:\/\/old.simzine.news\/#\/schema\/person\/fed0fe900bd297d3e9b1d031e1e49c64\",\"name\":\"Redazione SIMZINE\",\"sameAs\":[\"https:\/\/old.simzine.news\/\",\"https:\/\/www.facebook.com\/simzine21\",\"https:\/\/www.instagram.com\/simzine21\",\"https:\/\/www.linkedin.com\/company\/simzine\/\",\"https:\/\/twitter.com\/https:\/\/www.twitter.com\/simzine21\"],\"url\":\"https:\/\/old.simzine.news\/es\/author\/redazione\/\"}]}<\/script>\n<!-- \/ Yoast SEO plugin. -->","yoast_head_json":{"title":"Reuni\u00f3n anual de la NASCE: la educaci\u00f3n multidisciplinar es la consigna - SIMZINE","description":"Pr\u00f3ximamente se celebrar\u00e1 la 7\u00aa Reuni\u00f3n Cient\u00edfica NASCE\/UEMS, centrada en la educaci\u00f3n multidisciplinar.","robots":{"index":"index","follow":"follow","max-snippet":"max-snippet:-1","max-image-preview":"max-image-preview:large","max-video-preview":"max-video-preview:-1"},"canonical":"https:\/\/old.simzine.news\/es\/network-es\/reunion-anual-de-la-nasce-la-educacion-multidisciplinar-es-la-consigna\/","og_locale":"es_ES","og_type":"article","og_title":"Reuni\u00f3n anual de la NASCE: la educaci\u00f3n multidisciplinar es la consigna - SIMZINE","og_description":"Pr\u00f3ximamente se celebrar\u00e1 la 7\u00aa Reuni\u00f3n Cient\u00edfica NASCE\/UEMS, centrada en la educaci\u00f3n multidisciplinar.","og_url":"https:\/\/old.simzine.news\/es\/network-es\/reunion-anual-de-la-nasce-la-educacion-multidisciplinar-es-la-consigna\/","og_site_name":"SIMZINE","article_publisher":"https:\/\/www.facebook.com\/simzine21","article_author":"https:\/\/www.facebook.com\/simzine21","article_published_time":"2023-09-18T10:14:30+00:00","article_modified_time":"2023-09-19T11:02:42+00:00","og_image":[{"width":330,"height":240,"url":"https:\/\/old.simzine.news\/wp-content\/uploads\/2023\/09\/Nancty-Meeting-Banner-1.png","type":"image\/png"}],"author":"Redazione SIMZINE","twitter_card":"summary_large_image","twitter_creator":"@https:\/\/www.twitter.com\/simzine21","twitter_site":"@simzine21","twitter_misc":{"Escrito por":"Redazione SIMZINE","Tiempo de lectura":"2 minutos"},"schema":{"@context":"https:\/\/schema.org","@graph":[{"@type":"WebPage","@id":"https:\/\/old.simzine.news\/es\/network-es\/reunion-anual-de-la-nasce-la-educacion-multidisciplinar-es-la-consigna\/","url":"https:\/\/old.simzine.news\/es\/network-es\/reunion-anual-de-la-nasce-la-educacion-multidisciplinar-es-la-consigna\/","name":"Reuni\u00f3n anual de la NASCE: la educaci\u00f3n multidisciplinar es la consigna - SIMZINE","isPartOf":{"@id":"https:\/\/old.simzine.news\/#website"},"datePublished":"2023-09-18T10:14:30+00:00","dateModified":"2023-09-19T11:02:42+00:00","author":{"@id":"https:\/\/old.simzine.news\/#\/schema\/person\/fed0fe900bd297d3e9b1d031e1e49c64"},"description":"Pr\u00f3ximamente se celebrar\u00e1 la 7\u00aa Reuni\u00f3n Cient\u00edfica NASCE\/UEMS, centrada en la educaci\u00f3n multidisciplinar.","breadcrumb":{"@id":"https:\/\/old.simzine.news\/es\/network-es\/reunion-anual-de-la-nasce-la-educacion-multidisciplinar-es-la-consigna\/#breadcrumb"},"inLanguage":"es","potentialAction":[{"@type":"ReadAction","target":["https:\/\/old.simzine.news\/es\/network-es\/reunion-anual-de-la-nasce-la-educacion-multidisciplinar-es-la-consigna\/"]}]},{"@type":"BreadcrumbList","@id":"https:\/\/old.simzine.news\/es\/network-es\/reunion-anual-de-la-nasce-la-educacion-multidisciplinar-es-la-consigna\/#breadcrumb","itemListElement":[{"@type":"ListItem","position":1,"name":"Home","item":"https:\/\/old.simzine.news\/es\/"},{"@type":"ListItem","position":2,"name":"Reuni\u00f3n anual de la NASCE: la educaci\u00f3n multidisciplinar es la consigna"}]},{"@type":"WebSite","@id":"https:\/\/old.simzine.news\/#website","url":"https:\/\/old.simzine.news\/","name":"SIMZINE","description":"SIMulation magaZINE","potentialAction":[{"@type":"SearchAction","target":{"@type":"EntryPoint","urlTemplate":"https:\/\/old.simzine.news\/?s={search_term_string}"},"query-input":"required name=search_term_string"}],"inLanguage":"es"},{"@type":"Person","@id":"https:\/\/old.simzine.news\/#\/schema\/person\/fed0fe900bd297d3e9b1d031e1e49c64","name":"Redazione SIMZINE","sameAs":["https:\/\/old.simzine.news\/","https:\/\/www.facebook.com\/simzine21","https:\/\/www.instagram.com\/simzine21","https:\/\/www.linkedin.com\/company\/simzine\/","https:\/\/twitter.com\/https:\/\/www.twitter.com\/simzine21"],"url":"https:\/\/old.simzine.news\/es\/author\/redazione\/"}]}},"authors":[{"term_id":444,"user_id":13,"is_guest":0,"slug":"redazione","display_name":"Redazione SIMZINE","avatar_url":{"url":"https:\/\/old.simzine.news\/wp-content\/uploads\/2023\/06\/Progetto-senza-titolo-30.png","url2x":"https:\/\/old.simzine.news\/wp-content\/uploads\/2023\/06\/Progetto-senza-titolo-30.png"},"user_url":"https:\/\/old.simzine.news\/","last_name":"SIMZINE","first_name":"Redazione","description":""}],"_links":{"self":[{"href":"https:\/\/old.simzine.news\/es\/wp-json\/wp\/v2\/posts\/29659"}],"collection":[{"href":"https:\/\/old.simzine.news\/es\/wp-json\/wp\/v2\/posts"}],"about":[{"href":"https:\/\/old.simzine.news\/es\/wp-json\/wp\/v2\/types\/post"}],"author":[{"embeddable":true,"href":"https:\/\/old.simzine.news\/es\/wp-json\/wp\/v2\/users\/13"}],"replies":[{"embeddable":true,"href":"https:\/\/old.simzine.news\/es\/wp-json\/wp\/v2\/comments?post=29659"}],"version-history":[{"count":3,"href":"https:\/\/old.simzine.news\/es\/wp-json\/wp\/v2\/posts\/29659\/revisions"}],"predecessor-version":[{"id":29710,"href":"https:\/\/old.simzine.news\/es\/wp-json\/wp\/v2\/posts\/29659\/revisions\/29710"}],"wp:featuredmedia":[{"embeddable":true,"href":"https:\/\/old.simzine.news\/es\/wp-json\/wp\/v2\/media\/29692"}],"wp:attachment":[{"href":"https:\/\/old.simzine.news\/es\/wp-json\/wp\/v2\/media?parent=29659"}],"wp:term":[{"taxonomy":"category","embeddable":true,"href":"https:\/\/old.simzine.news\/es\/wp-json\/wp\/v2\/categories?post=29659"},{"taxonomy":"post_tag","embeddable":true,"href":"https:\/\/old.simzine.news\/es\/wp-json\/wp\/v2\/tags?post=29659"},{"taxonomy":"author","embeddable":true,"href":"https:\/\/old.simzine.news\/es\/wp-json\/wp\/v2\/ppma_author?post=29659"}],"curies":[{"name":"wp","href":"https:\/\/api.w.org\/{rel}","templated":true}]}}